{"id":442,"date":"2022-08-08T22:32:36","date_gmt":"2022-08-09T01:32:36","guid":{"rendered":"https:\/\/www.lacolmenaescuelademusica.edu.ar\/blog\/?p=442"},"modified":"2022-08-10T11:26:34","modified_gmt":"2022-08-10T14:26:34","slug":"fomento-a-la-creacion-2022","status":"publish","type":"post","link":"https:\/\/www.lacolmenaescuelademusica.edu.ar\/blog\/noticias\/fomento-a-la-creacion-2022\/","title":{"rendered":"Fomento a la creaci\u00f3n 2022"},"content":{"rendered":"\n<p>De a poco le vamos abriendo la puerta al mundo de la canci\u00f3n. Sabemos que es algo que piden mucho, as\u00ed que tenemos una propuesta tremenda y esperamos que todxs participen!<\/p>\n\n\n\n<p>\ud83c\udfbcDurante todo el mes de agosto, estaremos recibiendo composiciones originales (letra, cifra y mp3).<\/p>\n\n\n\n<p>\ud83c\udfbcPREMIOS:<br>&#8211; La canci\u00f3n ganadora ser\u00e1 arreglada para que la interprete la Big Band.<\/p>\n\n\n\n<p>&#8211; Quien componga la canci\u00f3n seleccionada por el tribunal recibir\u00e1 la bonificaci\u00f3n total de la cuota de octubre!<\/p>\n\n\n\n<p>\ud83c\udfbcNo se evaluar\u00e1 la calidad ni la complejidad del audio (voz e intrumento es suficiente), pero quienes se animen a maquetear, nos dar\u00e1n mayor posibilidad de comprender la obra.<\/p>\n\n\n\n<p>\ud83c\udfbcTodxs pueden participar, desde el FOBA hasta 4to a\u00f1o. Solo deben inscribirse en el siguiente <a href=\"https:\/\/docs.google.com\/forms\/d\/e\/1FAIpQLScSpRQCBuFMtK3W_gI7LwafZ3GBCG9keLuOZg2ibBs-zMOfSA\/viewform?usp=sf_link\" data-type=\"URL\" target=\"_blank\" rel=\"noreferrer noopener\">link<\/a><\/p>\n\n\n\n<p><\/p>\n","protected":false},"excerpt":{"rendered":"<p>De a poco le vamos abriendo la puerta al mundo de la canci\u00f3n. Sabemos que es algo que piden mucho, as\u00ed que tenemos una propuesta tremenda y esperamos que todxs participen! \ud83c\udfbcDurante todo el mes de agosto, estaremos recibiendo composiciones originales (letra, cifra y mp3). \ud83c\udfbcPREMIOS:&#8211; La canci\u00f3n ganadora ser\u00e1 arreglada para que la interprete<a class=\"excerpt-read-more\" href=\"https:\/\/www.lacolmenaescuelademusica.edu.ar\/blog\/noticias\/fomento-a-la-creacion-2022\/\" title=\"ReadFomento a la creaci\u00f3n 2022\">\u2026 Leer m\u00e1s<\/a><\/p>\n","protected":false},"author":2,"featured_media":443,"comment_status":"closed","ping_status":"closed","sticky":false,"template":"","format":"standard","meta":{"footnotes":""},"categories":[2],"tags":[],"class_list":["post-442","post","type-post","status-publish","format-standard","has-post-thumbnail","hentry","category-noticias"],"_links":{"self":[{"href":"https:\/\/www.lacolmenaescuelademusica.edu.ar\/blog\/wp-json\/wp\/v2\/posts\/442","targetHints":{"allow":["GET"]}}],"collection":[{"href":"https:\/\/www.lacolmenaescuelademusica.edu.ar\/blog\/wp-json\/wp\/v2\/posts"}],"about":[{"href":"https:\/\/www.lacolmenaescuelademusica.edu.ar\/blog\/wp-json\/wp\/v2\/types\/post"}],"author":[{"embeddable":true,"href":"https:\/\/www.lacolmenaescuelademusica.edu.ar\/blog\/wp-json\/wp\/v2\/users\/2"}],"replies":[{"embeddable":true,"href":"https:\/\/www.lacolmenaescuelademusica.edu.ar\/blog\/wp-json\/wp\/v2\/comments?post=442"}],"version-history":[{"count":2,"href":"https:\/\/www.lacolmenaescuelademusica.edu.ar\/blog\/wp-json\/wp\/v2\/posts\/442\/revisions"}],"predecessor-version":[{"id":446,"href":"https:\/\/www.lacolmenaescuelademusica.edu.ar\/blog\/wp-json\/wp\/v2\/posts\/442\/revisions\/446"}],"wp:featuredmedia":[{"embeddable":true,"href":"https:\/\/www.lacolmenaescuelademusica.edu.ar\/blog\/wp-json\/wp\/v2\/media\/443"}],"wp:attachment":[{"href":"https:\/\/www.lacolmenaescuelademusica.edu.ar\/blog\/wp-json\/wp\/v2\/media?parent=442"}],"wp:term":[{"taxonomy":"category","embeddable":true,"href":"https:\/\/www.lacolmenaescuelademusica.edu.ar\/blog\/wp-json\/wp\/v2\/categories?post=442"},{"taxonomy":"post_tag","embeddable":true,"href":"https:\/\/www.lacolmenaescuelademusica.edu.ar\/blog\/wp-json\/wp\/v2\/tags?post=442"}],"curies":[{"name":"wp","href":"https:\/\/api.w.org\/{rel}","templated":true}]}}