{"id":430,"date":"2022-02-07T14:49:47","date_gmt":"2022-02-07T17:49:47","guid":{"rendered":"https:\/\/www.lacolmenaescuelademusica.edu.ar\/blog\/?p=430"},"modified":"2022-02-07T14:49:47","modified_gmt":"2022-02-07T17:49:47","slug":"becas-especiales-para-vientistas","status":"publish","type":"post","link":"https:\/\/www.lacolmenaescuelademusica.edu.ar\/blog\/noticias\/becas-especiales-para-vientistas\/","title":{"rendered":"BECAS ESPECIALES PARA VIENTISTAS"},"content":{"rendered":"\n<p>A partir del d\u00eda 9\/2 se recibir\u00e1n pedidos de descuentos especiales y becas para instrumentos de viento. Quienes est\u00e9n interesadxs deber\u00e1n hacer la solicitud escribiendo a direccion@lacolmenaescuelademusica.edu.ar. <\/p>\n\n\n\n<p>Esta propuesta es una medida que se toma para fomentar el estudio de dichas carreras, y la posibilidad de gestionar la beca estar\u00e1 vigente solo durante el mes de febrero. Podr\u00e1n aplicar tanto alumnxs regulares como ingresantes.<\/p>\n","protected":false},"excerpt":{"rendered":"<p>A partir del d\u00eda 9\/2 se recibir\u00e1n pedidos de descuentos especiales y becas para instrumentos de viento. Quienes est\u00e9n interesadxs deber\u00e1n hacer la solicitud escribiendo a direccion@lacolmenaescuelademusica.edu.ar. Esta propuesta es una medida que se toma para fomentar el estudio de dichas carreras, y la posibilidad de gestionar la beca estar\u00e1 vigente solo durante el mes<a class=\"excerpt-read-more\" href=\"https:\/\/www.lacolmenaescuelademusica.edu.ar\/blog\/noticias\/becas-especiales-para-vientistas\/\" title=\"ReadBECAS ESPECIALES PARA VIENTISTAS\">\u2026 Leer m\u00e1s<\/a><\/p>\n","protected":false},"author":2,"featured_media":431,"comment_status":"closed","ping_status":"closed","sticky":false,"template":"","format":"standard","meta":{"footnotes":""},"categories":[2],"tags":[],"class_list":["post-430","post","type-post","status-publish","format-standard","has-post-thumbnail","hentry","category-noticias"],"_links":{"self":[{"href":"https:\/\/www.lacolmenaescuelademusica.edu.ar\/blog\/wp-json\/wp\/v2\/posts\/430","targetHints":{"allow":["GET"]}}],"collection":[{"href":"https:\/\/www.lacolmenaescuelademusica.edu.ar\/blog\/wp-json\/wp\/v2\/posts"}],"about":[{"href":"https:\/\/www.lacolmenaescuelademusica.edu.ar\/blog\/wp-json\/wp\/v2\/types\/post"}],"author":[{"embeddable":true,"href":"https:\/\/www.lacolmenaescuelademusica.edu.ar\/blog\/wp-json\/wp\/v2\/users\/2"}],"replies":[{"embeddable":true,"href":"https:\/\/www.lacolmenaescuelademusica.edu.ar\/blog\/wp-json\/wp\/v2\/comments?post=430"}],"version-history":[{"count":1,"href":"https:\/\/www.lacolmenaescuelademusica.edu.ar\/blog\/wp-json\/wp\/v2\/posts\/430\/revisions"}],"predecessor-version":[{"id":432,"href":"https:\/\/www.lacolmenaescuelademusica.edu.ar\/blog\/wp-json\/wp\/v2\/posts\/430\/revisions\/432"}],"wp:featuredmedia":[{"embeddable":true,"href":"https:\/\/www.lacolmenaescuelademusica.edu.ar\/blog\/wp-json\/wp\/v2\/media\/431"}],"wp:attachment":[{"href":"https:\/\/www.lacolmenaescuelademusica.edu.ar\/blog\/wp-json\/wp\/v2\/media?parent=430"}],"wp:term":[{"taxonomy":"category","embeddable":true,"href":"https:\/\/www.lacolmenaescuelademusica.edu.ar\/blog\/wp-json\/wp\/v2\/categories?post=430"},{"taxonomy":"post_tag","embeddable":true,"href":"https:\/\/www.lacolmenaescuelademusica.edu.ar\/blog\/wp-json\/wp\/v2\/tags?post=430"}],"curies":[{"name":"wp","href":"https:\/\/api.w.org\/{rel}","templated":true}]}}