{"id":412,"date":"2021-09-22T10:11:14","date_gmt":"2021-09-22T13:11:14","guid":{"rendered":"https:\/\/www.lacolmenaescuelademusica.edu.ar\/blog\/?p=412"},"modified":"2021-09-22T10:11:14","modified_gmt":"2021-09-22T13:11:14","slug":"taller-de-composicion-de-canciones","status":"publish","type":"post","link":"https:\/\/www.lacolmenaescuelademusica.edu.ar\/blog\/noticias\/taller-de-composicion-de-canciones\/","title":{"rendered":"Taller de composici\u00f3n de canciones."},"content":{"rendered":"<p>La composici\u00f3n de canciones se convirti\u00f3 en muy poco tiempo en el ADN del circuito musical local y nacional. Nos encontramos en un momento clave para la creaci\u00f3n y producci\u00f3n. Para que afloren nuevos proyectos.<\/p>\n<p>Enmarcar esta cuesti\u00f3n institucionalmente, brindarle espacios, es una deuda pendiente de la escuela. Es por eso que como primer paso, venimos a ofrecerles esta hermosa propuesta, a cargo del queridisimo\u00a0<a class=\"notranslate\" tabindex=\"0\" href=\"https:\/\/www.instagram.com\/obri.noise\/\">@obri.noise<\/a>.<\/p>\n<p>Interesadxs pueden escribirnos a formacioncontinua@lacolmenaescuelademusica.edu.ar.<\/p>\n<p>\u00a1Comienza en octubre!<\/p>\n","protected":false},"excerpt":{"rendered":"<p>La composici\u00f3n de canciones se convirti\u00f3 en muy poco tiempo en el ADN del circuito musical local y nacional. Nos encontramos en un momento clave para la creaci\u00f3n y producci\u00f3n. Para que afloren nuevos proyectos. Enmarcar esta cuesti\u00f3n institucionalmente, brindarle espacios, es una deuda pendiente de la escuela. Es por eso que como primer paso,<a class=\"excerpt-read-more\" href=\"https:\/\/www.lacolmenaescuelademusica.edu.ar\/blog\/noticias\/taller-de-composicion-de-canciones\/\" title=\"ReadTaller de composici\u00f3n de canciones.\">\u2026 Leer m\u00e1s<\/a><\/p>\n","protected":false},"author":2,"featured_media":413,"comment_status":"closed","ping_status":"closed","sticky":false,"template":"","format":"standard","meta":{"footnotes":""},"categories":[2],"tags":[],"class_list":["post-412","post","type-post","status-publish","format-standard","has-post-thumbnail","hentry","category-noticias"],"_links":{"self":[{"href":"https:\/\/www.lacolmenaescuelademusica.edu.ar\/blog\/wp-json\/wp\/v2\/posts\/412","targetHints":{"allow":["GET"]}}],"collection":[{"href":"https:\/\/www.lacolmenaescuelademusica.edu.ar\/blog\/wp-json\/wp\/v2\/posts"}],"about":[{"href":"https:\/\/www.lacolmenaescuelademusica.edu.ar\/blog\/wp-json\/wp\/v2\/types\/post"}],"author":[{"embeddable":true,"href":"https:\/\/www.lacolmenaescuelademusica.edu.ar\/blog\/wp-json\/wp\/v2\/users\/2"}],"replies":[{"embeddable":true,"href":"https:\/\/www.lacolmenaescuelademusica.edu.ar\/blog\/wp-json\/wp\/v2\/comments?post=412"}],"version-history":[{"count":2,"href":"https:\/\/www.lacolmenaescuelademusica.edu.ar\/blog\/wp-json\/wp\/v2\/posts\/412\/revisions"}],"predecessor-version":[{"id":415,"href":"https:\/\/www.lacolmenaescuelademusica.edu.ar\/blog\/wp-json\/wp\/v2\/posts\/412\/revisions\/415"}],"wp:featuredmedia":[{"embeddable":true,"href":"https:\/\/www.lacolmenaescuelademusica.edu.ar\/blog\/wp-json\/wp\/v2\/media\/413"}],"wp:attachment":[{"href":"https:\/\/www.lacolmenaescuelademusica.edu.ar\/blog\/wp-json\/wp\/v2\/media?parent=412"}],"wp:term":[{"taxonomy":"category","embeddable":true,"href":"https:\/\/www.lacolmenaescuelademusica.edu.ar\/blog\/wp-json\/wp\/v2\/categories?post=412"},{"taxonomy":"post_tag","embeddable":true,"href":"https:\/\/www.lacolmenaescuelademusica.edu.ar\/blog\/wp-json\/wp\/v2\/tags?post=412"}],"curies":[{"name":"wp","href":"https:\/\/api.w.org\/{rel}","templated":true}]}}