{"id":312,"date":"2020-03-17T17:25:09","date_gmt":"2020-03-17T20:25:09","guid":{"rendered":"http:\/\/lacolmenaescuelademusica.edu.ar\/blog\/?p=312"},"modified":"2020-03-17T17:25:09","modified_gmt":"2020-03-17T20:25:09","slug":"cursado-virtual","status":"publish","type":"post","link":"https:\/\/www.lacolmenaescuelademusica.edu.ar\/blog\/noticias\/cursado-virtual\/","title":{"rendered":"Cursado Virtual"},"content":{"rendered":"<p>Estimadxs estudiantes, como ya sabr\u00e1n, el dictado de clases continuar\u00e1 de manera virtual. Lxs profesorxs junto al equipo no docente, est\u00e1n trabajando incansablemente para garantizar\u00a0 plataformas y contenidos que posibiliten seguir adelante con el ciclo lectivo 2020, a pesar de la dif\u00edcil coyuntura.\u00a0 Las clases individuales ya han comenzado a dictarse. A trav\u00e9s del sistema hemos brindado a sus profesorxs sus n\u00fameros de WhatsApp para que, de manera excepcional, se pongan en contacto con ustedes a trav\u00e9s de ese medio.<\/p>\n<p><strong>Materias grupales:<\/strong><\/p>\n<p>Las materias grupales se brindaran con diferentes metodolog\u00edas, pero en primera instancia podr\u00e1n encontrarse con sus profesorxs mediante grupos de Facebook. Todas las materias ya tienen funcionando una plataforma de este tipo, solo deben entrar al enlace que les compartiremos a continuaci\u00f3n, localizar la comisi\u00f3n en la cual se inscribieron en el sistema, y solicitar el ingreso al grupo.<\/p>\n<p>En el siguiente Excel, podr\u00e1n encontrar links de acceso a los grupos de Facebook correspondientes. Tambi\u00e9n esta a disposici\u00f3n el contacto del\/la docente a cargo, por si tienen alg\u00fan inconveniente:<\/p>\n<p><a href=\"https:\/\/docs.google.com\/spreadsheets\/d\/1zL_tRcY37TJ9aa-eucAWMzSzbqSWlHL6Wfux9xP5IEQ\/edit?usp=sharing\">https:\/\/docs.google.com\/spreadsheets\/d\/1zL_tRcY37TJ9aa-eucAWMzSzbqSWlHL6Wfux9xP5IEQ\/edit?usp=sharing<\/a><\/p>\n<p>Por favor tengan paciencia si hay alguna materia o comisi\u00f3n faltante, estamos trabajando constantemente para solucionarlo.<\/p>\n<p><strong>Materias postergadas por el momento:<\/strong><\/p>\n<div><b>Composici\u00f3n<\/b>: piano creativo (grupal) inicia el dictado en Abril.<\/div>\n<div><b>Vocalista:<\/b>\u00a0pr\u00e1ctica coral, ensamble de m\u00fasica latinoamericana, talleres de estilo y ensamble,\u00a0 inician en abril<\/div>\n<div><b>Instrumentista<\/b>: piano complementario, piano creativo, talleres\u00a0 de estilo y ensamble y pr\u00e1ctica de repertorio (todas) tambi\u00e9n inician en abril.<\/div>\n<p>&nbsp;<\/p>\n","protected":false},"excerpt":{"rendered":"<p>Estimadxs estudiantes, como ya sabr\u00e1n, el dictado de clases continuar\u00e1 de manera virtual. Lxs profesorxs junto al equipo no docente, est\u00e1n trabajando incansablemente para garantizar\u00a0 plataformas y contenidos que posibiliten seguir adelante con el ciclo lectivo 2020, a pesar de la dif\u00edcil coyuntura.\u00a0 Las clases individuales ya han comenzado a dictarse. A trav\u00e9s del sistema<a class=\"excerpt-read-more\" href=\"https:\/\/www.lacolmenaescuelademusica.edu.ar\/blog\/noticias\/cursado-virtual\/\" title=\"ReadCursado Virtual\">\u2026 Leer m\u00e1s<\/a><\/p>\n","protected":false},"author":2,"featured_media":310,"comment_status":"closed","ping_status":"closed","sticky":false,"template":"","format":"standard","meta":{"footnotes":""},"categories":[2],"tags":[],"class_list":["post-312","post","type-post","status-publish","format-standard","has-post-thumbnail","hentry","category-noticias"],"_links":{"self":[{"href":"https:\/\/www.lacolmenaescuelademusica.edu.ar\/blog\/wp-json\/wp\/v2\/posts\/312","targetHints":{"allow":["GET"]}}],"collection":[{"href":"https:\/\/www.lacolmenaescuelademusica.edu.ar\/blog\/wp-json\/wp\/v2\/posts"}],"about":[{"href":"https:\/\/www.lacolmenaescuelademusica.edu.ar\/blog\/wp-json\/wp\/v2\/types\/post"}],"author":[{"embeddable":true,"href":"https:\/\/www.lacolmenaescuelademusica.edu.ar\/blog\/wp-json\/wp\/v2\/users\/2"}],"replies":[{"embeddable":true,"href":"https:\/\/www.lacolmenaescuelademusica.edu.ar\/blog\/wp-json\/wp\/v2\/comments?post=312"}],"version-history":[{"count":1,"href":"https:\/\/www.lacolmenaescuelademusica.edu.ar\/blog\/wp-json\/wp\/v2\/posts\/312\/revisions"}],"predecessor-version":[{"id":313,"href":"https:\/\/www.lacolmenaescuelademusica.edu.ar\/blog\/wp-json\/wp\/v2\/posts\/312\/revisions\/313"}],"wp:featuredmedia":[{"embeddable":true,"href":"https:\/\/www.lacolmenaescuelademusica.edu.ar\/blog\/wp-json\/wp\/v2\/media\/310"}],"wp:attachment":[{"href":"https:\/\/www.lacolmenaescuelademusica.edu.ar\/blog\/wp-json\/wp\/v2\/media?parent=312"}],"wp:term":[{"taxonomy":"category","embeddable":true,"href":"https:\/\/www.lacolmenaescuelademusica.edu.ar\/blog\/wp-json\/wp\/v2\/categories?post=312"},{"taxonomy":"post_tag","embeddable":true,"href":"https:\/\/www.lacolmenaescuelademusica.edu.ar\/blog\/wp-json\/wp\/v2\/tags?post=312"}],"curies":[{"name":"wp","href":"https:\/\/api.w.org\/{rel}","templated":true}]}}