{"id":264,"date":"2019-10-02T17:01:39","date_gmt":"2019-10-02T20:01:39","guid":{"rendered":"http:\/\/lacolmenaescuelademusica.edu.ar\/blog\/?p=264"},"modified":"2019-10-02T17:01:39","modified_gmt":"2019-10-02T20:01:39","slug":"latin-jazz-en-el-museo","status":"publish","type":"post","link":"https:\/\/www.lacolmenaescuelademusica.edu.ar\/blog\/agenda\/latin-jazz-en-el-museo\/","title":{"rendered":"Latin Jazz en el Museo"},"content":{"rendered":"<p>El d\u00eda viernes 11 de octubre, desde las 18.30 hs, presentaremos la quinta fecha del ciclo de conciertos<i>\u00a0La Colmena en el Museo de Las Mujeres<\/i>. Este evento se celebrar\u00e1 en la sede del Museo, Rivera Indarte 55, con entrada libre y gratuita.<\/p>\n<p>El cuerpo art\u00edstico\u00a0que protagonizar\u00e1 este evento es el ensamble de Latin Jazz de La Colmena, dirigido por el profesor Joaqu\u00edn C\u00e1rdenas. Este proyecto, ya tuvo rodaje con anterioridad y ha mostrado su m\u00fasica en su presentaci\u00f3n en la Feria del Libro 2018. Brindan un concierto homenajeando a gran cantidad de enormes compositores de nuestro continente como Hermeto Pascoal, Hugo Fattoruso, Djavan, Tom Jobim, Jos\u00e9 Bertrami, Gilberto Gil y muchos otros mas.<\/p>\n<p>El ciclo de conciertos\u00a0<i>La Colmena en el Museo de las Mujeres<\/i>\u00a02019, de gran convocatoria, es una plataforma para mostrar durante todo el a\u00f1o el trabajo de los estudiantes (sumado al de artistas invitados). Desde hace dos a\u00f1os se lleva a cabo a sala llena, y se constituye como una interesante propuesta para enriquecer la agenda cultural de la ciudad. Para tener referencia del evento, se pueden ver presentaciones anteriores en nuestro canal de YouTube: <a href=\"http:\/\/www.youtube.com\/lacolmenaescuela\" target=\"_blank\" rel=\"noopener noreferrer\">La Colmena Escuela de M\u00fasica.<\/a><\/p>\n","protected":false},"excerpt":{"rendered":"<p>El d\u00eda viernes 11 de octubre, desde las 18.30 hs, presentaremos la quinta fecha del ciclo de conciertos\u00a0La Colmena en el Museo de Las Mujeres. Este evento se celebrar\u00e1 en la sede del Museo, Rivera Indarte 55, con entrada libre y gratuita. El cuerpo art\u00edstico\u00a0que protagonizar\u00e1 este evento es el ensamble de Latin Jazz de<a class=\"excerpt-read-more\" href=\"https:\/\/www.lacolmenaescuelademusica.edu.ar\/blog\/agenda\/latin-jazz-en-el-museo\/\" title=\"ReadLatin Jazz en el Museo\">\u2026 Leer m\u00e1s<\/a><\/p>\n","protected":false},"author":3,"featured_media":265,"comment_status":"closed","ping_status":"closed","sticky":false,"template":"","format":"standard","meta":{"footnotes":""},"categories":[3],"tags":[],"class_list":["post-264","post","type-post","status-publish","format-standard","has-post-thumbnail","hentry","category-agenda"],"_links":{"self":[{"href":"https:\/\/www.lacolmenaescuelademusica.edu.ar\/blog\/wp-json\/wp\/v2\/posts\/264","targetHints":{"allow":["GET"]}}],"collection":[{"href":"https:\/\/www.lacolmenaescuelademusica.edu.ar\/blog\/wp-json\/wp\/v2\/posts"}],"about":[{"href":"https:\/\/www.lacolmenaescuelademusica.edu.ar\/blog\/wp-json\/wp\/v2\/types\/post"}],"author":[{"embeddable":true,"href":"https:\/\/www.lacolmenaescuelademusica.edu.ar\/blog\/wp-json\/wp\/v2\/users\/3"}],"replies":[{"embeddable":true,"href":"https:\/\/www.lacolmenaescuelademusica.edu.ar\/blog\/wp-json\/wp\/v2\/comments?post=264"}],"version-history":[{"count":1,"href":"https:\/\/www.lacolmenaescuelademusica.edu.ar\/blog\/wp-json\/wp\/v2\/posts\/264\/revisions"}],"predecessor-version":[{"id":266,"href":"https:\/\/www.lacolmenaescuelademusica.edu.ar\/blog\/wp-json\/wp\/v2\/posts\/264\/revisions\/266"}],"wp:featuredmedia":[{"embeddable":true,"href":"https:\/\/www.lacolmenaescuelademusica.edu.ar\/blog\/wp-json\/wp\/v2\/media\/265"}],"wp:attachment":[{"href":"https:\/\/www.lacolmenaescuelademusica.edu.ar\/blog\/wp-json\/wp\/v2\/media?parent=264"}],"wp:term":[{"taxonomy":"category","embeddable":true,"href":"https:\/\/www.lacolmenaescuelademusica.edu.ar\/blog\/wp-json\/wp\/v2\/categories?post=264"},{"taxonomy":"post_tag","embeddable":true,"href":"https:\/\/www.lacolmenaescuelademusica.edu.ar\/blog\/wp-json\/wp\/v2\/tags?post=264"}],"curies":[{"name":"wp","href":"https:\/\/api.w.org\/{rel}","templated":true}]}}