{"id":209,"date":"2019-02-12T02:25:12","date_gmt":"2019-02-12T05:25:12","guid":{"rendered":"http:\/\/lacolmenaescuelademusica.edu.ar\/blog\/?p=209"},"modified":"2019-05-23T16:58:36","modified_gmt":"2019-05-23T19:58:36","slug":"solicitudes-de-beca-2019","status":"publish","type":"post","link":"https:\/\/www.lacolmenaescuelademusica.edu.ar\/blog\/noticias\/solicitudes-de-beca-2019\/","title":{"rendered":"Solicitudes de Beca 2019"},"content":{"rendered":"<p>Estimados alumnos, les comunicamos que desde el 12 de febrero hasta el 1 de marzo, podr\u00e1n solicitarse las becas para el ciclo lectivo 2019.<\/p>\n<p>Les recordamos tambi\u00e9n que debido a que se evaluar\u00e1 no solo la situaci\u00f3n econ\u00f3mica sino tambi\u00e9n la trayectoria acad\u00e9mica, no se entregaran becas a ingresantes.<\/p>\n<p>En esta linea, las condiciones para aplicar ser\u00e1n las siguientes:<\/p>\n<ul>\n<li>\u00a0Tener como m\u00ednimo 80% de asistencia a todas las materias.<\/li>\n<li>Tener promedio de 8 o superior en todas las materias.<\/li>\n<li>No adeudar materias.<\/li>\n<li>Tener pagas las 10 cuotas del 2018 antes del 31\/12\/2018.<\/li>\n<\/ul>\n","protected":false},"excerpt":{"rendered":"<p>Estimados alumnos, les comunicamos que desde el 12 de febrero hasta el 1 de marzo, podr\u00e1n solicitarse las becas para el ciclo lectivo 2019. Les recordamos tambi\u00e9n que debido a que se evaluar\u00e1 no solo la situaci\u00f3n econ\u00f3mica sino tambi\u00e9n la trayectoria acad\u00e9mica, no se entregaran becas a ingresantes. En esta linea, las condiciones para<a class=\"excerpt-read-more\" href=\"https:\/\/www.lacolmenaescuelademusica.edu.ar\/blog\/noticias\/solicitudes-de-beca-2019\/\" title=\"ReadSolicitudes de Beca 2019\">\u2026 Leer m\u00e1s<\/a><\/p>\n","protected":false},"author":2,"featured_media":215,"comment_status":"closed","ping_status":"closed","sticky":false,"template":"","format":"standard","meta":{"footnotes":""},"categories":[2],"tags":[],"class_list":["post-209","post","type-post","status-publish","format-standard","has-post-thumbnail","hentry","category-noticias"],"_links":{"self":[{"href":"https:\/\/www.lacolmenaescuelademusica.edu.ar\/blog\/wp-json\/wp\/v2\/posts\/209","targetHints":{"allow":["GET"]}}],"collection":[{"href":"https:\/\/www.lacolmenaescuelademusica.edu.ar\/blog\/wp-json\/wp\/v2\/posts"}],"about":[{"href":"https:\/\/www.lacolmenaescuelademusica.edu.ar\/blog\/wp-json\/wp\/v2\/types\/post"}],"author":[{"embeddable":true,"href":"https:\/\/www.lacolmenaescuelademusica.edu.ar\/blog\/wp-json\/wp\/v2\/users\/2"}],"replies":[{"embeddable":true,"href":"https:\/\/www.lacolmenaescuelademusica.edu.ar\/blog\/wp-json\/wp\/v2\/comments?post=209"}],"version-history":[{"count":2,"href":"https:\/\/www.lacolmenaescuelademusica.edu.ar\/blog\/wp-json\/wp\/v2\/posts\/209\/revisions"}],"predecessor-version":[{"id":214,"href":"https:\/\/www.lacolmenaescuelademusica.edu.ar\/blog\/wp-json\/wp\/v2\/posts\/209\/revisions\/214"}],"wp:featuredmedia":[{"embeddable":true,"href":"https:\/\/www.lacolmenaescuelademusica.edu.ar\/blog\/wp-json\/wp\/v2\/media\/215"}],"wp:attachment":[{"href":"https:\/\/www.lacolmenaescuelademusica.edu.ar\/blog\/wp-json\/wp\/v2\/media?parent=209"}],"wp:term":[{"taxonomy":"category","embeddable":true,"href":"https:\/\/www.lacolmenaescuelademusica.edu.ar\/blog\/wp-json\/wp\/v2\/categories?post=209"},{"taxonomy":"post_tag","embeddable":true,"href":"https:\/\/www.lacolmenaescuelademusica.edu.ar\/blog\/wp-json\/wp\/v2\/tags?post=209"}],"curies":[{"name":"wp","href":"https:\/\/api.w.org\/{rel}","templated":true}]}}