{"id":199,"date":"2019-02-06T23:23:53","date_gmt":"2019-02-07T02:23:53","guid":{"rendered":"http:\/\/lacolmenaescuelademusica.edu.ar\/blog\/?p=199"},"modified":"2019-02-20T16:41:41","modified_gmt":"2019-02-20T19:41:41","slug":"inscripciones-a-las-materias-para-el-ciclo-2019","status":"publish","type":"post","link":"https:\/\/www.lacolmenaescuelademusica.edu.ar\/blog\/agenda\/inscripciones-a-las-materias-para-el-ciclo-2019\/","title":{"rendered":"Inscripciones a las materias para el ciclo 2019"},"content":{"rendered":"<p>Ya tenemos disponibles los d\u00edas en los que se abrir\u00e1n las inscripciones a las materias a trav\u00e9s del sistema de auto gesti\u00f3n. Solicitamos por favor que tengan paciencia si \u00e9ste presenta fallas, y se comuniquen a nuestra Fan Page para que el problema sea solucionado.<\/p>\n<p>Como venimos informando, aquellos que hicieron la matriculaci\u00f3n en diciembre tendr\u00e1n prioridad para elegir sus horarios, por ende el sistema se habilitar\u00e1 unos d\u00edas antes para estos alumnos. Una vez expirado ese plazo, estar\u00e1n en igualdad de condiciones que el resto de los estudiantes.<\/p>\n<p>Ingresantes: Recuerden que estas NO son las inscripciones a las materias del cursillo, sino a las del a\u00f1o lectivo. Para inscribirse al ingreso se habilita el sistema de auto gesti\u00f3n inmediatamente despu\u00e9s de abonar la matr\u00edcula. El sistema no les permitir\u00e1 anotarse en materias de Primer a\u00f1o o del Ciclo Introductorio hasta que no finalicen el cursillo.<\/p>\n<p><strong>Inscripciones al Ciclo Introductorio y Primer a\u00f1o:<\/strong><\/p>\n<ul>\n<li>Para quienes hicieron la matriculaci\u00f3n en diciembre: 4,5 y 6 de marzo.<\/li>\n<li>Para quienes hicieron la matriculaci\u00f3n en febrero: del 7 al 15 de marzo.<\/li>\n<\/ul>\n<p><strong>Inscripciones a Segundo, Tercer y Cuarto a\u00f1o:<\/strong><\/p>\n<ul>\n<li>Para quienes hicieron la matriculaci\u00f3n en diciembre: del 25 de febrero al 4 de marzo.<\/li>\n<li>Para quienes hicieron la matriculaci\u00f3n desde febrero: del 5 al 15 de marzo.<\/li>\n<\/ul>\n<p>&nbsp;<\/p>\n<p><strong>Especificaciones sobre el sistema de auto gesti\u00f3n:<\/strong><\/p>\n<p>Al sistema ingresaran a trav\u00e9s\u00a0 de este enlace:\u00a0<a href=\"https:\/\/autogestion.lacolmenaescuelademusica.edu.ar\/usuario\/ingresar\">https:\/\/autogestion.lacolmenaescuelademusica.edu.ar\/usuario\/ingresar<\/a>. Deben utilizar su mail como usuario y su DNI como contrase\u00f1a.<\/p>\n","protected":false},"excerpt":{"rendered":"<p>Ya tenemos disponibles los d\u00edas en los que se abrir\u00e1n las inscripciones a las materias a trav\u00e9s del sistema de auto gesti\u00f3n. Solicitamos por favor que tengan paciencia si \u00e9ste presenta fallas, y se comuniquen a nuestra Fan Page para que el problema sea solucionado. Como venimos informando, aquellos que hicieron la matriculaci\u00f3n en diciembre<a class=\"excerpt-read-more\" href=\"https:\/\/www.lacolmenaescuelademusica.edu.ar\/blog\/agenda\/inscripciones-a-las-materias-para-el-ciclo-2019\/\" title=\"ReadInscripciones a las materias para el ciclo 2019\">\u2026 Leer m\u00e1s<\/a><\/p>\n","protected":false},"author":2,"featured_media":204,"comment_status":"closed","ping_status":"closed","sticky":false,"template":"","format":"standard","meta":{"footnotes":""},"categories":[3],"tags":[],"class_list":["post-199","post","type-post","status-publish","format-standard","has-post-thumbnail","hentry","category-agenda"],"_links":{"self":[{"href":"https:\/\/www.lacolmenaescuelademusica.edu.ar\/blog\/wp-json\/wp\/v2\/posts\/199","targetHints":{"allow":["GET"]}}],"collection":[{"href":"https:\/\/www.lacolmenaescuelademusica.edu.ar\/blog\/wp-json\/wp\/v2\/posts"}],"about":[{"href":"https:\/\/www.lacolmenaescuelademusica.edu.ar\/blog\/wp-json\/wp\/v2\/types\/post"}],"author":[{"embeddable":true,"href":"https:\/\/www.lacolmenaescuelademusica.edu.ar\/blog\/wp-json\/wp\/v2\/users\/2"}],"replies":[{"embeddable":true,"href":"https:\/\/www.lacolmenaescuelademusica.edu.ar\/blog\/wp-json\/wp\/v2\/comments?post=199"}],"version-history":[{"count":6,"href":"https:\/\/www.lacolmenaescuelademusica.edu.ar\/blog\/wp-json\/wp\/v2\/posts\/199\/revisions"}],"predecessor-version":[{"id":218,"href":"https:\/\/www.lacolmenaescuelademusica.edu.ar\/blog\/wp-json\/wp\/v2\/posts\/199\/revisions\/218"}],"wp:featuredmedia":[{"embeddable":true,"href":"https:\/\/www.lacolmenaescuelademusica.edu.ar\/blog\/wp-json\/wp\/v2\/media\/204"}],"wp:attachment":[{"href":"https:\/\/www.lacolmenaescuelademusica.edu.ar\/blog\/wp-json\/wp\/v2\/media?parent=199"}],"wp:term":[{"taxonomy":"category","embeddable":true,"href":"https:\/\/www.lacolmenaescuelademusica.edu.ar\/blog\/wp-json\/wp\/v2\/categories?post=199"},{"taxonomy":"post_tag","embeddable":true,"href":"https:\/\/www.lacolmenaescuelademusica.edu.ar\/blog\/wp-json\/wp\/v2\/tags?post=199"}],"curies":[{"name":"wp","href":"https:\/\/api.w.org\/{rel}","templated":true}]}}