{"id":146,"date":"2018-09-27T11:41:32","date_gmt":"2018-09-27T14:41:32","guid":{"rendered":"http:\/\/lacolmenaescuelademusica.edu.ar\/blog\/?p=146"},"modified":"2018-09-27T11:42:09","modified_gmt":"2018-09-27T14:42:09","slug":"clinica-la-polirritmia-en-el-folclore","status":"publish","type":"post","link":"https:\/\/www.lacolmenaescuelademusica.edu.ar\/blog\/agenda\/clinica-la-polirritmia-en-el-folclore\/","title":{"rendered":"Cl\u00ednica &#8220;La polirritmia en el folclore&#8221;"},"content":{"rendered":"<p>Los invitamos a un nuevo espacio de formaci\u00f3n gratuita. Esta vez a cargo del querid\u00edsimo Diego Bravo.<br \/>\n&#8220;La polirritmia en el folclore&#8221; es una cl\u00ednica , en el marco del Ciclo &#8220;el arte de acompa\u00f1ar&#8221;, que toma elementos de la m\u00fasica afro para estudiar el origen los g\u00e9neros populares argentinos.<\/p>\n<div class=\"text_exposed_show\">\n<p>La convocatoria es para estudiantes en general y los cupos son limitados. Para inscribirse enviar un mail a produccionlacolmena.cba@gmail.com o completar el formulario en el siguiente Link:<br \/>\n<a href=\"https:\/\/goo.gl\/forms\/hVW2abr5QGPToK3m1\" target=\"_blank\" rel=\"nofollow noopener noreferrer\" data-ft=\"{&quot;tn&quot;:&quot;-U&quot;}\" data-lynx-mode=\"async\" data-lynx-uri=\"https:\/\/l.facebook.com\/l.php?u=https%3A%2F%2Fgoo.gl%2Fforms%2FhVW2abr5QGPToK3m1&amp;h=AT1mZpL4koaYqd6Yu7M3zBduw3nywz2uQg8V3Z7MykrtisI5aruJ57F7jE0q4vugnBGN56p9wtBIbri8GtRtILzqQKGDa-gqsuv-81x1vjvSD5VjFl7jBnC9C5yqlaHfPV8k6eRe2owwzCzXUObM4uS2tUg_SFup60KmBqOuFPHedsHy98Pe86Qx8G9L8WGLU5KuXWh18iHQVmSTc20Ga_dfE2aPKtuwyQcw74-xJEaKUOhu79X47c5_8RY49m_w_0_i82QEPjywilgh4wzkVVofmN-pjOlguNsfw4OJv-e4Mb8HWJkQaLwMV-jwJ56QHkYz51GIzT_uaJ_XOP76Mw2WCV_5aSKGpPI_AvOyFOA7QIokWLKzVVwz1KsCmWtPATCgOQdbBLSAZeFMzzZ0peWN5Ij-nzVyTUCHRl0uE6Z7sXGhCPrDxN5Hh4oLWrOe70A3NlH5e_GJshQJJuRAUMw9plcgYJsnXM2Y\">https:\/\/goo.gl\/forms\/hVW2abr5QGPToK3m1<\/a><\/p>\n<p>\u00a1No se lo pierdan!<\/p>\n<\/div>\n","protected":false},"excerpt":{"rendered":"<p>Los invitamos a un nuevo espacio de formaci\u00f3n gratuita. Esta vez a cargo del querid\u00edsimo Diego Bravo. &#8220;La polirritmia en el folclore&#8221; es una cl\u00ednica , en el marco del Ciclo &#8220;el arte de acompa\u00f1ar&#8221;, que toma elementos de la m\u00fasica afro para estudiar el origen los g\u00e9neros populares argentinos. La convocatoria es para estudiantes<a class=\"excerpt-read-more\" href=\"https:\/\/www.lacolmenaescuelademusica.edu.ar\/blog\/agenda\/clinica-la-polirritmia-en-el-folclore\/\" title=\"ReadCl\u00ednica &#8220;La polirritmia en el folclore&#8221;\">\u2026 Leer m\u00e1s<\/a><\/p>\n","protected":false},"author":2,"featured_media":147,"comment_status":"closed","ping_status":"closed","sticky":false,"template":"","format":"standard","meta":{"footnotes":""},"categories":[3],"tags":[],"class_list":["post-146","post","type-post","status-publish","format-standard","has-post-thumbnail","hentry","category-agenda"],"_links":{"self":[{"href":"https:\/\/www.lacolmenaescuelademusica.edu.ar\/blog\/wp-json\/wp\/v2\/posts\/146","targetHints":{"allow":["GET"]}}],"collection":[{"href":"https:\/\/www.lacolmenaescuelademusica.edu.ar\/blog\/wp-json\/wp\/v2\/posts"}],"about":[{"href":"https:\/\/www.lacolmenaescuelademusica.edu.ar\/blog\/wp-json\/wp\/v2\/types\/post"}],"author":[{"embeddable":true,"href":"https:\/\/www.lacolmenaescuelademusica.edu.ar\/blog\/wp-json\/wp\/v2\/users\/2"}],"replies":[{"embeddable":true,"href":"https:\/\/www.lacolmenaescuelademusica.edu.ar\/blog\/wp-json\/wp\/v2\/comments?post=146"}],"version-history":[{"count":1,"href":"https:\/\/www.lacolmenaescuelademusica.edu.ar\/blog\/wp-json\/wp\/v2\/posts\/146\/revisions"}],"predecessor-version":[{"id":148,"href":"https:\/\/www.lacolmenaescuelademusica.edu.ar\/blog\/wp-json\/wp\/v2\/posts\/146\/revisions\/148"}],"wp:featuredmedia":[{"embeddable":true,"href":"https:\/\/www.lacolmenaescuelademusica.edu.ar\/blog\/wp-json\/wp\/v2\/media\/147"}],"wp:attachment":[{"href":"https:\/\/www.lacolmenaescuelademusica.edu.ar\/blog\/wp-json\/wp\/v2\/media?parent=146"}],"wp:term":[{"taxonomy":"category","embeddable":true,"href":"https:\/\/www.lacolmenaescuelademusica.edu.ar\/blog\/wp-json\/wp\/v2\/categories?post=146"},{"taxonomy":"post_tag","embeddable":true,"href":"https:\/\/www.lacolmenaescuelademusica.edu.ar\/blog\/wp-json\/wp\/v2\/tags?post=146"}],"curies":[{"name":"wp","href":"https:\/\/api.w.org\/{rel}","templated":true}]}}