{"id":142,"date":"2018-09-06T15:27:53","date_gmt":"2018-09-06T18:27:53","guid":{"rendered":"http:\/\/lacolmenaescuelademusica.edu.ar\/blog\/?p=142"},"modified":"2018-09-06T15:28:38","modified_gmt":"2018-09-06T18:28:38","slug":"la-colmena-big-band-en-el-museo","status":"publish","type":"post","link":"https:\/\/www.lacolmenaescuelademusica.edu.ar\/blog\/agenda\/la-colmena-big-band-en-el-museo\/","title":{"rendered":"La Colmena Big Band en el Museo"},"content":{"rendered":"<p><strong>El d\u00eda 14 de Septiembre, desde las 18.30 hs, tendremos una nueva fecha del ciclo de conciertos de La Colmena en el Museo de Las Mujeres. Este evento celebrado el segundo viernes de cada mes, tendr\u00e1 lugar en la sede del Museo, Rivera Indarte 55, con entrada libre y gratuita.<\/strong><\/p>\n<p>Se trata en esta oportunidad de la primera aparici\u00f3n en escena, en el 2018, de La Colmena Big Band. Un concierto que oficia como antesala a las presentaciones de este gran ensamble en el Cba Jazz Festival y en el concierto conmemorativo del aniversario N\u00ba35 de la escuela. En esta ocasi\u00f3n el repertorio estar\u00e1 orientado casi completamente al Jazz, tocando obras de artistas reconocidos mundialmente, como Pat Metheny, y haciendo algunos pasajes fusi\u00f3n con la obra de Astor Piazzolla. Contaremos adem\u00e1s con la presencia de solistas en Flauta, Saxo Tenor, Trompeta y Voz. Sumado a la participaci\u00f3n del d\u00fao Finzi\/Lita, en piano y flauta respectivamente.<\/p>\n<p>El ciclo de conciertos La Colmena en el Museo de las Mujeres 2018 se realiza en el marco del 35 aniversario de la Escuela de M\u00fasica La Colmena, y es una plataforma para mostrar durante todo el a\u00f1o el trabajo de los estudiantes (sumado al de artistas invitados) y enriquecer la agenda cultural de la ciudad.<\/p>\n","protected":false},"excerpt":{"rendered":"<p>El d\u00eda 14 de Septiembre, desde las 18.30 hs, tendremos una nueva fecha del ciclo de conciertos de La Colmena en el Museo de Las Mujeres. Este evento celebrado el segundo viernes de cada mes, tendr\u00e1 lugar en la sede del Museo, Rivera Indarte 55, con entrada libre y gratuita. Se trata en esta oportunidad<a class=\"excerpt-read-more\" href=\"https:\/\/www.lacolmenaescuelademusica.edu.ar\/blog\/agenda\/la-colmena-big-band-en-el-museo\/\" title=\"ReadLa Colmena Big Band en el Museo\">\u2026 Leer m\u00e1s<\/a><\/p>\n","protected":false},"author":2,"featured_media":143,"comment_status":"closed","ping_status":"closed","sticky":false,"template":"","format":"standard","meta":{"footnotes":""},"categories":[3],"tags":[],"class_list":["post-142","post","type-post","status-publish","format-standard","has-post-thumbnail","hentry","category-agenda"],"_links":{"self":[{"href":"https:\/\/www.lacolmenaescuelademusica.edu.ar\/blog\/wp-json\/wp\/v2\/posts\/142","targetHints":{"allow":["GET"]}}],"collection":[{"href":"https:\/\/www.lacolmenaescuelademusica.edu.ar\/blog\/wp-json\/wp\/v2\/posts"}],"about":[{"href":"https:\/\/www.lacolmenaescuelademusica.edu.ar\/blog\/wp-json\/wp\/v2\/types\/post"}],"author":[{"embeddable":true,"href":"https:\/\/www.lacolmenaescuelademusica.edu.ar\/blog\/wp-json\/wp\/v2\/users\/2"}],"replies":[{"embeddable":true,"href":"https:\/\/www.lacolmenaescuelademusica.edu.ar\/blog\/wp-json\/wp\/v2\/comments?post=142"}],"version-history":[{"count":1,"href":"https:\/\/www.lacolmenaescuelademusica.edu.ar\/blog\/wp-json\/wp\/v2\/posts\/142\/revisions"}],"predecessor-version":[{"id":144,"href":"https:\/\/www.lacolmenaescuelademusica.edu.ar\/blog\/wp-json\/wp\/v2\/posts\/142\/revisions\/144"}],"wp:featuredmedia":[{"embeddable":true,"href":"https:\/\/www.lacolmenaescuelademusica.edu.ar\/blog\/wp-json\/wp\/v2\/media\/143"}],"wp:attachment":[{"href":"https:\/\/www.lacolmenaescuelademusica.edu.ar\/blog\/wp-json\/wp\/v2\/media?parent=142"}],"wp:term":[{"taxonomy":"category","embeddable":true,"href":"https:\/\/www.lacolmenaescuelademusica.edu.ar\/blog\/wp-json\/wp\/v2\/categories?post=142"},{"taxonomy":"post_tag","embeddable":true,"href":"https:\/\/www.lacolmenaescuelademusica.edu.ar\/blog\/wp-json\/wp\/v2\/tags?post=142"}],"curies":[{"name":"wp","href":"https:\/\/api.w.org\/{rel}","templated":true}]}}