{"id":137,"date":"2018-08-21T13:01:41","date_gmt":"2018-08-21T16:01:41","guid":{"rendered":"http:\/\/lacolmenaescuelademusica.edu.ar\/blog\/?p=137"},"modified":"2018-08-21T13:01:56","modified_gmt":"2018-08-21T16:01:56","slug":"clinica-acompanamiento-en-jazz-y-fusion","status":"publish","type":"post","link":"https:\/\/www.lacolmenaescuelademusica.edu.ar\/blog\/agenda\/clinica-acompanamiento-en-jazz-y-fusion\/","title":{"rendered":"Cl\u00ednica Acompa\u00f1amiento en Jazz y Fusi\u00f3n"},"content":{"rendered":"<p>Todos los estudiantes invitados a este espacio de formaci\u00f3n dictado por el @obri.noise.<br \/>\nEn el marco del Ciclo de cl\u00ednicas &#8220;El arte de acompa\u00f1ar&#8221;, se focalizar\u00e1 en este caso en el Jazz\/Fusi\u00f3n.<br \/>\nPara inscribirse enviar un mail a produccionlacolmena.cba@gmail.com o completar el formulario a trav\u00e9s del siguiente Link: <span class=\"text_exposed_show\"><br \/>\n<a href=\"https:\/\/goo.gl\/forms\/iXRWbZHh4arf0Jd43\" target=\"_blank\" rel=\"nofollow noopener noreferrer\" data-ft=\"{&quot;tn&quot;:&quot;-U&quot;}\" data-lynx-mode=\"async\" data-lynx-uri=\"https:\/\/l.facebook.com\/l.php?u=https%3A%2F%2Fgoo.gl%2Fforms%2FiXRWbZHh4arf0Jd43&amp;h=AT3OaYOGIZ6IhHMxX9BvoqyhJHjgB34JOrqTzzAt1OE-5DNJLBugaxN1WKemqFdFQKhE8OGhqGeUf2szqK54yTya8x3-LegZ6uiB9RfsnOS0nLXD53lLZuTERmDjJ5lae8xfOUze1vjpTDEC8qyKo7eWpB4TenSbkJOHfVQ9yRS1qWMDMPECUjYG3NKbmEBdKl6xgvnaBbHToXk-D7i0ZOoPUjaIcudEwjX7y1I1j1rLWgmvNJOWt1_QAN4bXmHCt_5Su4x8v4xLp1pvV45IIiXzJDu1A038YWxAgKwFYA9-J6kU3UInpIVolLtpepEqeoziw7ZiwyWsnggHtEDssXY4pDby1YjrStwyRauEKA\">https:\/\/goo.gl\/forms\/iXRWbZHh4arf0Jd43<\/a><\/span><\/p>\n<div class=\"text_exposed_show\">\n<p>\u00a1Los esperamos!<\/p>\n<\/div>\n","protected":false},"excerpt":{"rendered":"<p>Todos los estudiantes invitados a este espacio de formaci\u00f3n dictado por el @obri.noise. En el marco del Ciclo de cl\u00ednicas &#8220;El arte de acompa\u00f1ar&#8221;, se focalizar\u00e1 en este caso en el Jazz\/Fusi\u00f3n. Para inscribirse enviar un mail a produccionlacolmena.cba@gmail.com o completar el formulario a trav\u00e9s del siguiente Link: https:\/\/goo.gl\/forms\/iXRWbZHh4arf0Jd43 \u00a1Los esperamos!<\/p>\n","protected":false},"author":2,"featured_media":139,"comment_status":"closed","ping_status":"closed","sticky":false,"template":"","format":"standard","meta":{"footnotes":""},"categories":[3],"tags":[],"class_list":["post-137","post","type-post","status-publish","format-standard","has-post-thumbnail","hentry","category-agenda"],"_links":{"self":[{"href":"https:\/\/www.lacolmenaescuelademusica.edu.ar\/blog\/wp-json\/wp\/v2\/posts\/137","targetHints":{"allow":["GET"]}}],"collection":[{"href":"https:\/\/www.lacolmenaescuelademusica.edu.ar\/blog\/wp-json\/wp\/v2\/posts"}],"about":[{"href":"https:\/\/www.lacolmenaescuelademusica.edu.ar\/blog\/wp-json\/wp\/v2\/types\/post"}],"author":[{"embeddable":true,"href":"https:\/\/www.lacolmenaescuelademusica.edu.ar\/blog\/wp-json\/wp\/v2\/users\/2"}],"replies":[{"embeddable":true,"href":"https:\/\/www.lacolmenaescuelademusica.edu.ar\/blog\/wp-json\/wp\/v2\/comments?post=137"}],"version-history":[{"count":1,"href":"https:\/\/www.lacolmenaescuelademusica.edu.ar\/blog\/wp-json\/wp\/v2\/posts\/137\/revisions"}],"predecessor-version":[{"id":140,"href":"https:\/\/www.lacolmenaescuelademusica.edu.ar\/blog\/wp-json\/wp\/v2\/posts\/137\/revisions\/140"}],"wp:featuredmedia":[{"embeddable":true,"href":"https:\/\/www.lacolmenaescuelademusica.edu.ar\/blog\/wp-json\/wp\/v2\/media\/139"}],"wp:attachment":[{"href":"https:\/\/www.lacolmenaescuelademusica.edu.ar\/blog\/wp-json\/wp\/v2\/media?parent=137"}],"wp:term":[{"taxonomy":"category","embeddable":true,"href":"https:\/\/www.lacolmenaescuelademusica.edu.ar\/blog\/wp-json\/wp\/v2\/categories?post=137"},{"taxonomy":"post_tag","embeddable":true,"href":"https:\/\/www.lacolmenaescuelademusica.edu.ar\/blog\/wp-json\/wp\/v2\/tags?post=137"}],"curies":[{"name":"wp","href":"https:\/\/api.w.org\/{rel}","templated":true}]}}