{"id":131,"date":"2018-08-16T11:58:17","date_gmt":"2018-08-16T14:58:17","guid":{"rendered":"http:\/\/lacolmenaescuelademusica.edu.ar\/blog\/?p=131"},"modified":"2018-08-16T12:00:26","modified_gmt":"2018-08-16T15:00:26","slug":"concurso-de-composicion-para-guitarristas","status":"publish","type":"post","link":"https:\/\/www.lacolmenaescuelademusica.edu.ar\/blog\/noticias\/concurso-de-composicion-para-guitarristas\/","title":{"rendered":"Concurso de composici\u00f3n para guitarristas"},"content":{"rendered":"<p>Estimados alumnos, el d\u00eda de ayer tuvimos el agrado de ser invitados a participar del 10\u00ba Concurso Internacional de Composici\u00f3n &#8220;La Mancha Guitars&#8221;. In\u00e9s Peragallo, co-organizadora de dicho evento, nos mostr\u00f3 su inter\u00e9s en recibir obras provenientes de nuestra ciudad. La propuesta consiste en lograr una obra original que pueda ser interpretada por m\u00fasicos de nivel inicial en el marco del Festival &#8220;Gitarrentage\u00a0f\u00fcr Kinder und Jugendliche im Saarland&#8221;. La fecha tope de entrega es el 23 de Noviembre de 2018, el ganador ser\u00e1 remunerado. Para mas informaci\u00f3n les adjuntamos el contacto y las bases del concurso. \u00a1Mucha suerte!<\/p>\n<p><a href=\"http:\/\/lacolmenaescuelademusica.edu.ar\/blog\/wp-content\/uploads\/2018\/08\/10\u00b0Concurso-Internacional-de-Composici\u00f3n.pdf\">10\u00b0Concurso Internacional de Composici\u00f3n<\/a><\/p>\n<p>&nbsp;<\/p>\n","protected":false},"excerpt":{"rendered":"<p>Estimados alumnos, el d\u00eda de ayer tuvimos el agrado de ser invitados a participar del 10\u00ba Concurso Internacional de Composici\u00f3n &#8220;La Mancha Guitars&#8221;. In\u00e9s Peragallo, co-organizadora de dicho evento, nos mostr\u00f3 su inter\u00e9s en recibir obras provenientes de nuestra ciudad. La propuesta consiste en lograr una obra original que pueda ser interpretada por m\u00fasicos de<a class=\"excerpt-read-more\" href=\"https:\/\/www.lacolmenaescuelademusica.edu.ar\/blog\/noticias\/concurso-de-composicion-para-guitarristas\/\" title=\"ReadConcurso de composici\u00f3n para guitarristas\">\u2026 Leer m\u00e1s<\/a><\/p>\n","protected":false},"author":2,"featured_media":58,"comment_status":"closed","ping_status":"closed","sticky":false,"template":"","format":"aside","meta":{"footnotes":""},"categories":[2],"tags":[],"class_list":["post-131","post","type-post","status-publish","format-aside","has-post-thumbnail","hentry","category-noticias","post_format-post-format-aside"],"_links":{"self":[{"href":"https:\/\/www.lacolmenaescuelademusica.edu.ar\/blog\/wp-json\/wp\/v2\/posts\/131","targetHints":{"allow":["GET"]}}],"collection":[{"href":"https:\/\/www.lacolmenaescuelademusica.edu.ar\/blog\/wp-json\/wp\/v2\/posts"}],"about":[{"href":"https:\/\/www.lacolmenaescuelademusica.edu.ar\/blog\/wp-json\/wp\/v2\/types\/post"}],"author":[{"embeddable":true,"href":"https:\/\/www.lacolmenaescuelademusica.edu.ar\/blog\/wp-json\/wp\/v2\/users\/2"}],"replies":[{"embeddable":true,"href":"https:\/\/www.lacolmenaescuelademusica.edu.ar\/blog\/wp-json\/wp\/v2\/comments?post=131"}],"version-history":[{"count":3,"href":"https:\/\/www.lacolmenaescuelademusica.edu.ar\/blog\/wp-json\/wp\/v2\/posts\/131\/revisions"}],"predecessor-version":[{"id":135,"href":"https:\/\/www.lacolmenaescuelademusica.edu.ar\/blog\/wp-json\/wp\/v2\/posts\/131\/revisions\/135"}],"wp:featuredmedia":[{"embeddable":true,"href":"https:\/\/www.lacolmenaescuelademusica.edu.ar\/blog\/wp-json\/wp\/v2\/media\/58"}],"wp:attachment":[{"href":"https:\/\/www.lacolmenaescuelademusica.edu.ar\/blog\/wp-json\/wp\/v2\/media?parent=131"}],"wp:term":[{"taxonomy":"category","embeddable":true,"href":"https:\/\/www.lacolmenaescuelademusica.edu.ar\/blog\/wp-json\/wp\/v2\/categories?post=131"},{"taxonomy":"post_tag","embeddable":true,"href":"https:\/\/www.lacolmenaescuelademusica.edu.ar\/blog\/wp-json\/wp\/v2\/tags?post=131"}],"curies":[{"name":"wp","href":"https:\/\/api.w.org\/{rel}","templated":true}]}}