{"id":124,"date":"2018-08-03T11:00:58","date_gmt":"2018-08-03T14:00:58","guid":{"rendered":"http:\/\/lacolmenaescuelademusica.edu.ar\/blog\/?p=124"},"modified":"2018-08-03T11:03:11","modified_gmt":"2018-08-03T14:03:11","slug":"ensamble-vocal-en-concierto","status":"publish","type":"post","link":"https:\/\/www.lacolmenaescuelademusica.edu.ar\/blog\/agenda\/ensamble-vocal-en-concierto\/","title":{"rendered":"Ensamble Vocal en Concierto"},"content":{"rendered":"<p>El pr\u00f3ximo viernes 10 de Agosto, desde las 18.30 hs tendr\u00e1 continuidad el ciclo de <em>Conciertos de La Colmena en el Museo de Las Mujeres<\/em>, en la Sede del Museo, Rivera Indarte 55, con entrada libre y gratuita.<\/p>\n<p>Se trata en esta oportunidad del debut en el 2018, de los estudiantes de la carrera de Canto. Se presentar\u00e1, bajo la direcci\u00f3n de la profesora Silvia Herrero, el Ensamble Vocal de la escuela, cuyo repertorio abarcar\u00e1 m\u00fasicas populares de todo el continente (como el Negro Spiritual, Merengue Dominicano y obras t\u00edpicas del Litoral Argentino). Adem\u00e1s, contaremos con la presencia de cantantes solistas, acompa\u00f1ados de los instrumentistas invitados Luc\u00eda Irusta y Federico Ceballos.<\/p>\n<p>El ciclo de conciertos La Colmena en el Museo de las Mujeres 2018 se realiza en el marco del 35 aniversario de la Escuela de M\u00fasica La Colmena, y es una plataforma para mostrar durante todo el a\u00f1o el trabajo de los estudiantes (sumado al de artistas invitados) y enriquecer la agenda cultural de la ciudad.<\/p>\n<p>Los esperamos!<\/p>\n","protected":false},"excerpt":{"rendered":"<p>El pr\u00f3ximo viernes 10 de Agosto, desde las 18.30 hs tendr\u00e1 continuidad el ciclo de Conciertos de La Colmena en el Museo de Las Mujeres, en la Sede del Museo, Rivera Indarte 55, con entrada libre y gratuita. Se trata en esta oportunidad del debut en el 2018, de los estudiantes de la carrera de<a class=\"excerpt-read-more\" href=\"https:\/\/www.lacolmenaescuelademusica.edu.ar\/blog\/agenda\/ensamble-vocal-en-concierto\/\" title=\"ReadEnsamble Vocal en Concierto\">\u2026 Leer m\u00e1s<\/a><\/p>\n","protected":false},"author":2,"featured_media":125,"comment_status":"closed","ping_status":"closed","sticky":false,"template":"","format":"standard","meta":{"footnotes":""},"categories":[3],"tags":[],"class_list":["post-124","post","type-post","status-publish","format-standard","has-post-thumbnail","hentry","category-agenda"],"_links":{"self":[{"href":"https:\/\/www.lacolmenaescuelademusica.edu.ar\/blog\/wp-json\/wp\/v2\/posts\/124","targetHints":{"allow":["GET"]}}],"collection":[{"href":"https:\/\/www.lacolmenaescuelademusica.edu.ar\/blog\/wp-json\/wp\/v2\/posts"}],"about":[{"href":"https:\/\/www.lacolmenaescuelademusica.edu.ar\/blog\/wp-json\/wp\/v2\/types\/post"}],"author":[{"embeddable":true,"href":"https:\/\/www.lacolmenaescuelademusica.edu.ar\/blog\/wp-json\/wp\/v2\/users\/2"}],"replies":[{"embeddable":true,"href":"https:\/\/www.lacolmenaescuelademusica.edu.ar\/blog\/wp-json\/wp\/v2\/comments?post=124"}],"version-history":[{"count":1,"href":"https:\/\/www.lacolmenaescuelademusica.edu.ar\/blog\/wp-json\/wp\/v2\/posts\/124\/revisions"}],"predecessor-version":[{"id":126,"href":"https:\/\/www.lacolmenaescuelademusica.edu.ar\/blog\/wp-json\/wp\/v2\/posts\/124\/revisions\/126"}],"wp:featuredmedia":[{"embeddable":true,"href":"https:\/\/www.lacolmenaescuelademusica.edu.ar\/blog\/wp-json\/wp\/v2\/media\/125"}],"wp:attachment":[{"href":"https:\/\/www.lacolmenaescuelademusica.edu.ar\/blog\/wp-json\/wp\/v2\/media?parent=124"}],"wp:term":[{"taxonomy":"category","embeddable":true,"href":"https:\/\/www.lacolmenaescuelademusica.edu.ar\/blog\/wp-json\/wp\/v2\/categories?post=124"},{"taxonomy":"post_tag","embeddable":true,"href":"https:\/\/www.lacolmenaescuelademusica.edu.ar\/blog\/wp-json\/wp\/v2\/tags?post=124"}],"curies":[{"name":"wp","href":"https:\/\/api.w.org\/{rel}","templated":true}]}}