{"id":121,"date":"2018-07-31T17:40:35","date_gmt":"2018-07-31T20:40:35","guid":{"rendered":"http:\/\/lacolmenaescuelademusica.edu.ar\/blog\/?p=121"},"modified":"2018-07-31T17:41:35","modified_gmt":"2018-07-31T20:41:35","slug":"clinica-acompanamiento-en-tango","status":"publish","type":"post","link":"https:\/\/www.lacolmenaescuelademusica.edu.ar\/blog\/agenda\/clinica-acompanamiento-en-tango\/","title":{"rendered":"Cl\u00ednica &#8220;Acompa\u00f1amiento en Tango&#8221;"},"content":{"rendered":"<p><a class=\"_58cn\" href=\"https:\/\/www.facebook.com\/hashtag\/35a\u00f1os?source=feed_text\" data-ft=\"{&quot;tn&quot;:&quot;*N&quot;,&quot;type&quot;:104}\"><span class=\"_5afx\"><span class=\"_58cl _5afz\">#<\/span><span class=\"_58cm\">35a\u00f1os<\/span><\/span><\/a> <a class=\"_58cn\" href=\"https:\/\/www.facebook.com\/hashtag\/cl\u00ednicas?source=feed_text\" data-ft=\"{&quot;tn&quot;:&quot;*N&quot;,&quot;type&quot;:104}\"><span class=\"_5afx\"><span class=\"_58cl _5afz\">#<\/span><span class=\"_58cm\">cl\u00ednicas<\/span><\/span><\/a><\/p>\n<p>Continuamos con los espacios de formaci\u00f3n gratuita para los alumnos de la escuela. Para inscribirse completar los datos en el siguiente Link (<a href=\"https:\/\/goo.gl\/forms\/0FYA5E0gHX0pC2bg2\" target=\"_blank\" rel=\"nofollow noopener noreferrer\" data-ft=\"{&quot;tn&quot;:&quot;-U&quot;}\" data-lynx-mode=\"asynclazy\" data-lynx-uri=\"https:\/\/l.facebook.com\/l.php?u=https%3A%2F%2Fgoo.gl%2Fforms%2F0FYA5E0gHX0pC2bg2&amp;h=AT3d6lhycvRj2vyl9Y9bRGjxGH3Y8yaSXdISBkVM7cPFVKY_oMLvSNrKzRMi0RD6s_r1HJ6KrdsI3tBmRGKpjH7efHXa6iEMNmN7QL58Rn9Zre4HmV74_b-qI-w2pTBtwRktdj3WOPqiGgShWH-5Ab9ZKQ\">https:\/\/goo.gl\/forms\/0FYA5E0gHX0pC2bg2<\/a>) o solicitar el formulario escribiendo a produccionlacolmena.cba@gmail.com<\/p>\n<p>S\u00e1bado 11 de Agosto &#8211; 15 Hs<\/p>\n<p>&nbsp;<\/p>\n<p>&nbsp;<\/p>\n","protected":false},"excerpt":{"rendered":"<p>#35a\u00f1os #cl\u00ednicas Continuamos con los espacios de formaci\u00f3n gratuita para los alumnos de la escuela. Para inscribirse completar los datos en el siguiente Link (https:\/\/goo.gl\/forms\/0FYA5E0gHX0pC2bg2) o solicitar el formulario escribiendo a produccionlacolmena.cba@gmail.com S\u00e1bado 11 de Agosto &#8211; 15 Hs &nbsp; &nbsp;<\/p>\n","protected":false},"author":2,"featured_media":122,"comment_status":"closed","ping_status":"closed","sticky":false,"template":"","format":"standard","meta":{"footnotes":""},"categories":[3],"tags":[],"class_list":["post-121","post","type-post","status-publish","format-standard","has-post-thumbnail","hentry","category-agenda"],"_links":{"self":[{"href":"https:\/\/www.lacolmenaescuelademusica.edu.ar\/blog\/wp-json\/wp\/v2\/posts\/121","targetHints":{"allow":["GET"]}}],"collection":[{"href":"https:\/\/www.lacolmenaescuelademusica.edu.ar\/blog\/wp-json\/wp\/v2\/posts"}],"about":[{"href":"https:\/\/www.lacolmenaescuelademusica.edu.ar\/blog\/wp-json\/wp\/v2\/types\/post"}],"author":[{"embeddable":true,"href":"https:\/\/www.lacolmenaescuelademusica.edu.ar\/blog\/wp-json\/wp\/v2\/users\/2"}],"replies":[{"embeddable":true,"href":"https:\/\/www.lacolmenaescuelademusica.edu.ar\/blog\/wp-json\/wp\/v2\/comments?post=121"}],"version-history":[{"count":1,"href":"https:\/\/www.lacolmenaescuelademusica.edu.ar\/blog\/wp-json\/wp\/v2\/posts\/121\/revisions"}],"predecessor-version":[{"id":123,"href":"https:\/\/www.lacolmenaescuelademusica.edu.ar\/blog\/wp-json\/wp\/v2\/posts\/121\/revisions\/123"}],"wp:featuredmedia":[{"embeddable":true,"href":"https:\/\/www.lacolmenaescuelademusica.edu.ar\/blog\/wp-json\/wp\/v2\/media\/122"}],"wp:attachment":[{"href":"https:\/\/www.lacolmenaescuelademusica.edu.ar\/blog\/wp-json\/wp\/v2\/media?parent=121"}],"wp:term":[{"taxonomy":"category","embeddable":true,"href":"https:\/\/www.lacolmenaescuelademusica.edu.ar\/blog\/wp-json\/wp\/v2\/categories?post=121"},{"taxonomy":"post_tag","embeddable":true,"href":"https:\/\/www.lacolmenaescuelademusica.edu.ar\/blog\/wp-json\/wp\/v2\/tags?post=121"}],"curies":[{"name":"wp","href":"https:\/\/api.w.org\/{rel}","templated":true}]}}