{"id":117,"date":"2018-06-05T11:31:34","date_gmt":"2018-06-05T14:31:34","guid":{"rendered":"http:\/\/lacolmenaescuelademusica.edu.ar\/blog\/?p=117"},"modified":"2018-06-05T11:33:17","modified_gmt":"2018-06-05T14:33:17","slug":"viernes-de-jazz-en-el-museo","status":"publish","type":"post","link":"https:\/\/www.lacolmenaescuelademusica.edu.ar\/blog\/agenda\/viernes-de-jazz-en-el-museo\/","title":{"rendered":"Viernes de Jazz en el Museo"},"content":{"rendered":"<p><strong>El pr\u00f3ximo viernes 8 de Junio, desde las 18.30 hs. tendr\u00e1 lugar una nueva presentaci\u00f3n del ciclo de Conciertos de La Colmena en el Museo de Las Mujeres, en la Sede del Museo, Rivera Indarte 55, con entrada libre y gratuita.<\/strong><\/p>\n<p>Nos encontramos de nuevo en este hermoso espacio que nos brinda el Museo de las Mujeres. Los protagonistas est\u00e1 vez ser\u00e1n los alumnos del ensamble de Jazz Fusi\u00f3n de la escuela. Adem\u00e1s tendremos la oportunidad de disfrutar del d\u00fao Mazza-Velez.<br \/>\nSigamos aprovechando este sitio entre todos! Los esperamos !<\/p>\n","protected":false},"excerpt":{"rendered":"<p>El pr\u00f3ximo viernes 8 de Junio, desde las 18.30 hs. tendr\u00e1 lugar una nueva presentaci\u00f3n del ciclo de Conciertos de La Colmena en el Museo de Las Mujeres, en la Sede del Museo, Rivera Indarte 55, con entrada libre y gratuita. Nos encontramos de nuevo en este hermoso espacio que nos brinda el Museo de<a class=\"excerpt-read-more\" href=\"https:\/\/www.lacolmenaescuelademusica.edu.ar\/blog\/agenda\/viernes-de-jazz-en-el-museo\/\" title=\"ReadViernes de Jazz en el Museo\">\u2026 Leer m\u00e1s<\/a><\/p>\n","protected":false},"author":2,"featured_media":118,"comment_status":"closed","ping_status":"closed","sticky":false,"template":"","format":"standard","meta":{"footnotes":""},"categories":[3],"tags":[],"class_list":["post-117","post","type-post","status-publish","format-standard","has-post-thumbnail","hentry","category-agenda"],"_links":{"self":[{"href":"https:\/\/www.lacolmenaescuelademusica.edu.ar\/blog\/wp-json\/wp\/v2\/posts\/117","targetHints":{"allow":["GET"]}}],"collection":[{"href":"https:\/\/www.lacolmenaescuelademusica.edu.ar\/blog\/wp-json\/wp\/v2\/posts"}],"about":[{"href":"https:\/\/www.lacolmenaescuelademusica.edu.ar\/blog\/wp-json\/wp\/v2\/types\/post"}],"author":[{"embeddable":true,"href":"https:\/\/www.lacolmenaescuelademusica.edu.ar\/blog\/wp-json\/wp\/v2\/users\/2"}],"replies":[{"embeddable":true,"href":"https:\/\/www.lacolmenaescuelademusica.edu.ar\/blog\/wp-json\/wp\/v2\/comments?post=117"}],"version-history":[{"count":1,"href":"https:\/\/www.lacolmenaescuelademusica.edu.ar\/blog\/wp-json\/wp\/v2\/posts\/117\/revisions"}],"predecessor-version":[{"id":119,"href":"https:\/\/www.lacolmenaescuelademusica.edu.ar\/blog\/wp-json\/wp\/v2\/posts\/117\/revisions\/119"}],"wp:featuredmedia":[{"embeddable":true,"href":"https:\/\/www.lacolmenaescuelademusica.edu.ar\/blog\/wp-json\/wp\/v2\/media\/118"}],"wp:attachment":[{"href":"https:\/\/www.lacolmenaescuelademusica.edu.ar\/blog\/wp-json\/wp\/v2\/media?parent=117"}],"wp:term":[{"taxonomy":"category","embeddable":true,"href":"https:\/\/www.lacolmenaescuelademusica.edu.ar\/blog\/wp-json\/wp\/v2\/categories?post=117"},{"taxonomy":"post_tag","embeddable":true,"href":"https:\/\/www.lacolmenaescuelademusica.edu.ar\/blog\/wp-json\/wp\/v2\/tags?post=117"}],"curies":[{"name":"wp","href":"https:\/\/api.w.org\/{rel}","templated":true}]}}